{"id":664,"date":"2022-05-14T11:49:56","date_gmt":"2022-05-14T11:49:56","guid":{"rendered":"https:\/\/www.laetitialambert.fr\/?p=664"},"modified":"2025-04-16T16:05:35","modified_gmt":"2025-04-16T16:05:35","slug":"en-embuscade","status":"publish","type":"post","link":"https:\/\/www.laetitialambert.fr\/?p=664","title":{"rendered":"En embuscade"},"content":{"rendered":"\n<p style=\"font-size:11px\"><em>\r\n\t<div class=\"slideshow_container slideshow_container_style-light\" style=\"height: 300px; \" data-slideshow-id=\"879\" data-style-name=\"style-light\" data-style-version=\"2.3.1\" >\r\n\r\n\t\t\t\t\t<div class=\"slideshow_loading_icon\"><\/div>\r\n\t\t\r\n\t\t<div class=\"slideshow_content\" style=\"display: none;\">\r\n\r\n\t\t\t<div class=\"slideshow_view\">\r\n\t\t\t\t<div class=\"slideshow_slide slideshow_slide_image\">\r\n\t\t\t\t\t\t\t\t\t\t\t<img src=\"https:\/\/www.laetitialambert.fr\/wp-content\/uploads\/2025\/03\/En-embuscade-photo-2.jpg\" alt=\"En embuscade photo 2\" width=\"1920\" height=\"1080\" \/>\r\n\t\t\t\t\t\t\t\t\t\t<div class=\"slideshow_description_box slideshow_transparent\">\r\n\t\t\t\t\t\t<div class=\"slideshow_title\">En embuscade photo 2<\/div>\t\t\t\t\t\t\t\t\t\t\t<\/div>\r\n\t\t\t\t<\/div>\r\n\r\n\t\t\t\t\t\t<div style=\"clear: both;\"><\/div><\/div><div class=\"slideshow_view\">\r\n\t\t\t\t<div class=\"slideshow_slide slideshow_slide_image\">\r\n\t\t\t\t\t\t\t\t\t\t\t<img src=\"https:\/\/www.laetitialambert.fr\/wp-content\/uploads\/2025\/03\/En-embuscade-photo-6.jpg\" alt=\"En embuscade photo 6\" width=\"1920\" height=\"1080\" \/>\r\n\t\t\t\t\t\t\t\t\t\t<div class=\"slideshow_description_box slideshow_transparent\">\r\n\t\t\t\t\t\t<div class=\"slideshow_title\">En embuscade photo 6<\/div>\t\t\t\t\t\t\t\t\t\t\t<\/div>\r\n\t\t\t\t<\/div>\r\n\r\n\t\t\t\t\t\t<div style=\"clear: both;\"><\/div><\/div><div class=\"slideshow_view\">\r\n\t\t\t\t<div class=\"slideshow_slide slideshow_slide_image\">\r\n\t\t\t\t\t\t\t\t\t\t\t<img src=\"https:\/\/www.laetitialambert.fr\/wp-content\/uploads\/2025\/03\/En-embuscade-photo-7.jpg\" alt=\"En embuscade photo 7\" width=\"1920\" height=\"1080\" \/>\r\n\t\t\t\t\t\t\t\t\t\t<div class=\"slideshow_description_box slideshow_transparent\">\r\n\t\t\t\t\t\t<div class=\"slideshow_title\">En embuscade photo 7<\/div>\t\t\t\t\t\t\t\t\t\t\t<\/div>\r\n\t\t\t\t<\/div>\r\n\r\n\t\t\t\t\t\t<div style=\"clear: both;\"><\/div><\/div><div class=\"slideshow_view\">\r\n\t\t\t\t<div class=\"slideshow_slide slideshow_slide_image\">\r\n\t\t\t\t\t\t\t\t\t\t\t<img src=\"https:\/\/www.laetitialambert.fr\/wp-content\/uploads\/2025\/03\/En-embuscade-photo-5-.jpg\" alt=\"En embuscade photo 5\" width=\"1920\" height=\"1080\" \/>\r\n\t\t\t\t\t\t\t\t\t\t<div class=\"slideshow_description_box slideshow_transparent\">\r\n\t\t\t\t\t\t<div class=\"slideshow_title\">En embuscade photo 5<\/div>\t\t\t\t\t\t\t\t\t\t\t<\/div>\r\n\t\t\t\t<\/div>\r\n\r\n\t\t\t\t\t\t<div style=\"clear: both;\"><\/div><\/div><div class=\"slideshow_view\">\r\n\t\t\t\t<div class=\"slideshow_slide slideshow_slide_image\">\r\n\t\t\t\t\t\t\t\t\t\t\t<img src=\"https:\/\/www.laetitialambert.fr\/wp-content\/uploads\/2025\/03\/En-embuscade-photo-4.jpg\" alt=\"En embuscade photo 4\" width=\"1920\" height=\"1080\" \/>\r\n\t\t\t\t\t\t\t\t\t\t<div class=\"slideshow_description_box slideshow_transparent\">\r\n\t\t\t\t\t\t<div class=\"slideshow_title\">En embuscade photo 4<\/div>\t\t\t\t\t\t\t\t\t\t\t<\/div>\r\n\t\t\t\t<\/div>\r\n\r\n\t\t\t\t\t\t<div style=\"clear: both;\"><\/div><\/div><div class=\"slideshow_view\">\r\n\t\t\t\t<div class=\"slideshow_slide slideshow_slide_image\">\r\n\t\t\t\t\t\t\t\t\t\t\t<img src=\"https:\/\/www.laetitialambert.fr\/wp-content\/uploads\/2025\/03\/En-embuscade-photo-3.jpg\" alt=\"En embuscade photo 3\" width=\"1920\" height=\"1080\" \/>\r\n\t\t\t\t\t\t\t\t\t\t<div class=\"slideshow_description_box slideshow_transparent\">\r\n\t\t\t\t\t\t<div class=\"slideshow_title\">En embuscade photo 3<\/div>\t\t\t\t\t\t\t\t\t\t\t<\/div>\r\n\t\t\t\t<\/div>\r\n\r\n\t\t\t\t\t\t<div style=\"clear: both;\"><\/div><\/div><div class=\"slideshow_view\">\r\n\t\t\t\t<div class=\"slideshow_slide slideshow_slide_image\">\r\n\t\t\t\t\t\t\t\t\t\t\t<img src=\"https:\/\/www.laetitialambert.fr\/wp-content\/uploads\/2025\/03\/En-embuscade-photo-1-recadree.jpg\" alt=\"En embuscade photo 1 recadr\u00e9e\" width=\"1461\" height=\"1080\" \/>\r\n\t\t\t\t\t\t\t\t\t\t<div class=\"slideshow_description_box slideshow_transparent\">\r\n\t\t\t\t\t\t<div class=\"slideshow_title\">En embuscade photo 1 recadr\u00e9e<\/div>\t\t\t\t\t\t\t\t\t\t\t<\/div>\r\n\t\t\t\t<\/div>\r\n\r\n\t\t\t\t\t\t<div style=\"clear: both;\"><\/div><\/div>\r\n\t\t<\/div>\r\n\r\n\t\t<div class=\"slideshow_controlPanel slideshow_transparent\" style=\"display: none;\"><ul><li class=\"slideshow_togglePlay\" data-play-text=\"Play\" data-pause-text=\"Pause\"><\/li><\/ul><\/div>\r\n\r\n\t\t<div class=\"slideshow_button slideshow_previous slideshow_transparent\" role=\"button\" data-previous-text=\"Pr\u00e9c\u00e9dent\" style=\"display: none;\"><\/div>\r\n\t\t<div class=\"slideshow_button slideshow_next slideshow_transparent\" role=\"button\" data-next-text=\"Suivant\" style=\"display: none;\"><\/div>\r\n\r\n\t\t<div class=\"slideshow_pagination\" style=\"display: none;\" data-go-to-text=\"Go to slide\"><div class=\"slideshow_pagination_center\"><\/div><\/div>\r\n\r\n\t\t<!-- WordPress Slideshow Version 2.3.1 -->\r\n\r\n\t\t\t<\/div>\r\n\r\n<\/em> <\/p>\n\n\n\n<p style=\"font-size:12px\"><em>Court-m\u00e9trage | Documentaire | Ecrit et r\u00e9alis\u00e9 par Laetitia Lambert | Format 1.85, 4.3, Scope| Avec&nbsp;Annie Lambert, Genevi\u00e8ve Martin, T\u00e9r\u00e9sa Motta, Doroth\u00e9e Blanck <em>| <\/em>Produit par 2L Compagnie<em> <\/em>| Montage et mixage son Ivan Paulik<em> <\/em><\/em><\/p>\n\n\n\n<p style=\"font-size:12px\">R\u00e9sum\u00e9 : Il y a plus de quinze ans, je t&rsquo;ai dit que je voulais m&rsquo;acheter une cam\u00e9ra pour filmer les gens. \u00c0 cette \u00e9poque l\u00e0, tu \u00e9tais d\u00e9j\u00e0 tr\u00e8s malade. Les premi\u00e8res images que j&rsquo;ai tourn\u00e9es, c&rsquo;\u00e9tait avec toi \u00e0 l&rsquo;h\u00f4pital &#8230;<\/p>\n","protected":false},"excerpt":{"rendered":"<p>Court-m\u00e9trage | Documentaire | Ecrit et r\u00e9alis\u00e9 par Laetitia Lambert | Format 1.85, 4.3, Scope| Avec&nbsp;Annie Lambert, Genevi\u00e8ve Martin, T\u00e9r\u00e9sa Motta, Doroth\u00e9e Blanck | Produit par 2L Compagnie | Montage et mixage son Ivan Paulik R\u00e9sum\u00e9 : Il y a plus de quinze ans, je t&rsquo;ai dit que je voulais m&rsquo;acheter une cam\u00e9ra pour filmer &hellip; <a href=\"https:\/\/www.laetitialambert.fr\/?p=664\" class=\"more-link\">Continuer la lecture de <span class=\"screen-reader-text\">En embuscade<\/span><\/a><\/p>\n","protected":false},"author":2,"featured_media":0,"comment_status":"closed","ping_status":"open","sticky":false,"template":"","format":"standard","meta":{"footnotes":""},"categories":[3],"tags":[],"class_list":["post-664","post","type-post","status-publish","format-standard","hentry","category-documentaires","gallery-content-unit"],"_links":{"self":[{"href":"https:\/\/www.laetitialambert.fr\/index.php?rest_route=\/wp\/v2\/posts\/664","targetHints":{"allow":["GET"]}}],"collection":[{"href":"https:\/\/www.laetitialambert.fr\/index.php?rest_route=\/wp\/v2\/posts"}],"about":[{"href":"https:\/\/www.laetitialambert.fr\/index.php?rest_route=\/wp\/v2\/types\/post"}],"author":[{"embeddable":true,"href":"https:\/\/www.laetitialambert.fr\/index.php?rest_route=\/wp\/v2\/users\/2"}],"replies":[{"embeddable":true,"href":"https:\/\/www.laetitialambert.fr\/index.php?rest_route=%2Fwp%2Fv2%2Fcomments&post=664"}],"version-history":[{"count":17,"href":"https:\/\/www.laetitialambert.fr\/index.php?rest_route=\/wp\/v2\/posts\/664\/revisions"}],"predecessor-version":[{"id":1010,"href":"https:\/\/www.laetitialambert.fr\/index.php?rest_route=\/wp\/v2\/posts\/664\/revisions\/1010"}],"wp:attachment":[{"href":"https:\/\/www.laetitialambert.fr\/index.php?rest_route=%2Fwp%2Fv2%2Fmedia&parent=664"}],"wp:term":[{"taxonomy":"category","embeddable":true,"href":"https:\/\/www.laetitialambert.fr\/index.php?rest_route=%2Fwp%2Fv2%2Fcategories&post=664"},{"taxonomy":"post_tag","embeddable":true,"href":"https:\/\/www.laetitialambert.fr\/index.php?rest_route=%2Fwp%2Fv2%2Ftags&post=664"}],"curies":[{"name":"wp","href":"https:\/\/api.w.org\/{rel}","templated":true}]}}